{"id":9076,"date":"2026-03-08T01:47:46","date_gmt":"2026-03-08T01:47:46","guid":{"rendered":"https:\/\/purisimadelrincon.mx\/boletines\/?p=9076"},"modified":"2026-03-08T01:54:57","modified_gmt":"2026-03-08T01:54:57","slug":"mujeres-con-liderazgo-en-purisima","status":"publish","type":"post","link":"http:\/\/purisimadelrincon.mx\/boletines\/2026\/03\/08\/mujeres-con-liderazgo-en-purisima\/","title":{"rendered":"MUJERES CON LIDERAZGO EN PUR\u00cdSIMA"},"content":{"rendered":"\n<ul class=\"wp-block-list\">\n<li><strong>Pur\u00edsima reconoce a 7 mujeres empoderadas<\/strong><\/li>\n\n\n\n<li><strong>En diferentes entornos, con retos que las hacen fuertes, las mujeres son reconocidas como fundamentales<\/strong><\/li>\n<\/ul>\n\n\n\n<p><strong>Pur\u00edsima del Rinc\u00f3n, Gto. a 07 de marzo de 2026.-&nbsp; <\/strong>Siete mujeres reconocidas por su liderazgo en ambientes sociales, empresariales, de creatividad, de b\u00fasqueda, de servicio y de amor a la vida, hoy fueron las representantes de una sociedad en donde ponen ejemplo de justicia, igualdad y derechos como parte de la Conmemoraci\u00f3n del D\u00eda de la Mujer.<\/p>\n\n\n\n<p>Roberto Garc\u00eda Urbano, Presidente Municipal reconoci\u00f3 la trayectoria de: Viridiana N\u00fa\u00f1ez Ram\u00edrez como activista, Cecilia Salda\u00f1a L\u00f3pez apoyo a las activistas, Mar\u00eda Guadalupe Gonz\u00e1lez Dom\u00ednguez fue partera 72 a\u00f1os (su hija Doris acudi\u00f3 por el reconocimiento), Lourdes Daniela Sevillano Ju\u00e1rez creativa para salir adelante (quien enfrenta la batalla contra el c\u00e1ncer de huesos), Andrea de Guadalupe Guti\u00e9rrez L\u00f3pez con empresa propia, Imelda Ayala Moreno jefa de familia con perseverancia y servicio a la comunidad, Martha Patricia Moreno S\u00e1nchez construye su propio camino de oportunidad con el buen saz\u00f3n de la gastronom\u00eda de Pur\u00edsima.<\/p>\n\n\n\n<p>Previo a la apertura del Segundo Tianguis del Emprendimiento llamado Emprendamos Juntas por un paso m\u00e1s a la igualdad, cada una de las mujeres fueron convocadas a su reconocimiento p\u00fablico.<\/p>\n\n\n\n<p>Este a\u00f1o la ONU defini\u00f3 el D\u00eda con el lema Derechos. Justicia. Acci\u00f3n para todas las mujeres y ni\u00f1as.<\/p>\n\n\n\n<p>Conmemoramos el 8 de marzo, recordando que esta fecha naci\u00f3 de mujeres que, al igual que varias mujeres de hoy, exigen una sociedad con integridad y resiliencia.<\/p>\n\n\n\n<p>&#8220;Hoy est\u00e1 presente en nuestro contexto, una realidad que duele, y que cimbra, que nos hace ver para empezar, que ocupamos querernos; reforzar valores como sociedad, con sentido de humanidad&#8221;, indic\u00f3 el Presidente Roberto Garc\u00eda Urbano, acompa\u00f1ado en presidium de la s\u00edndico Claudia Arriaga, la regidora Maricela Alcal\u00e1, y la directora del Instituto de las Mujeres Leticia Acosta, tambi\u00e9n asistieron m\u00e1s integrantes del Ayuntamiento y directores.<\/p>\n\n\n\n<p>Luego asegur\u00f3 que hay el respaldo a cada buscadora por derecho, justicia, acci\u00f3n y tranquilidad.<\/p>\n\n\n\n<p>En Pur\u00edsima las mujeres han caminado senderos dif\u00edciles, su valent\u00eda las mantiene de pie, fuertes, decididas, mostr\u00e1ndonos que cuando hay amor por la vida hay un valor s\u00f3lido en cada respiro.<\/p>\n\n\n\n<p>Pur\u00edsima agradece la presencia y esencia del oficio de parteras, porque han sido parte de respaldar la vida, igualmente es evidente la magia de las emprendedoras y empresarias.<\/p>\n\n\n\n<p>Las mujeres en Pur\u00edsima dejan claro y hacen que Pur\u00edsima se escuche en el mundo.<\/p>\n\n\n\n<p>El Tianguis del Emprendimiento, cont\u00f3 con 20 espacios de mujeres con iniciativa para generar sus ingresos con artesan\u00edas, postres, suculentas, comida, regalos y m\u00e1s.<\/p>\n\n\n\n<p>Mientras el p\u00fablico pudo apreciar al mismo tiempo momentos culturales con bailes de ni\u00f1as y j\u00f3venes.<\/p>\n\n\n\n<p>Reconocimiento:<\/p>\n\n\n\n<p>* Viridiana N\u00fa\u00f1ez Ram\u00edrez, activista comprometida que brinda apoyo en la b\u00fasqueda de personas desaparecidas, acompa\u00f1ando con solidaridad y empat\u00eda a las familias que enfrentan esta dif\u00edcil situaci\u00f3n. Su labor se distingue por la sensibilidad, el compromiso y la voluntad de contribuir a la esperanza y a la justicia para quienes buscan a sus seres queridos en nuestro municipio.<\/p>\n\n\n\n<p>* Cecilia Salda\u00f1a L\u00f3pez, quien desde 2021 forma parte de la Direcci\u00f3n de Seguridad P\u00fablica, desempe\u00f1\u00e1ndose como integrante de la Polic\u00eda en la Unidad de Reacci\u00f3n. Asimismo, participa en la C\u00e9lula Municipal de B\u00fasqueda de Personas y en la Unidad Especializada en la Prevenci\u00f3n y Atenci\u00f3n a la Violencia de G\u00e9nero, distingui\u00e9ndose por su compromiso, responsabilidad y vocaci\u00f3n de servicio en favor de la seguridad y bienestar de la ciudadan\u00eda.<\/p>\n\n\n\n<p>* Mar\u00eda Guadalupe Gonz\u00e1lez Dom\u00ednguez, quien desde la edad de 18 a\u00f1os dedic\u00f3 su vida a ser partera, acompa\u00f1ando por m\u00e1s de 72 a\u00f1os a mujeres y familias de Pur\u00edsima del Rinc\u00f3n. Durante los \u00faltimos 30 a\u00f1os se desempe\u00f1\u00f3 como Partera Rural Emp\u00edrica capacitada por el Instituto Mexicano del Seguro Social, dejando un valioso legado de servicio, experiencia y compromiso con su comunidad (acudi\u00f3 su hija Doris a recibir el reconocimiento)<\/p>\n\n\n\n<p>* Lourdes Daniela Sevillano Ju\u00e1rez, ejemplo de fortaleza y resiliencia. Tras enfrentar un dif\u00edcil proceso de salud por c\u00e1ncer de huesos. A pesar de los retos, contin\u00faa luchando por sus sue\u00f1os, retomando sus estudios y fortaleciendo junto con su familia su emprendimiento Gelimagui&#8217;s, reflejando con su historia un verdadero ejemplo de esperanza, perseverancia y amor por la vida.<\/p>\n\n\n\n<p>* Andrea de Guadalupe Guti\u00e9rrez L\u00f3pez, Ingeniera en Gesti\u00f3n Empresarial de 32 a\u00f1os, es CEO y cofundadora de Ayde\u00e9 Footwear, una f\u00e1brica dedicada a la elaboraci\u00f3n de tenis casuales y bota industrial. Hace ocho a\u00f1os inici\u00f3 en la comercializaci\u00f3n de calzado y, hace cinco a\u00f1os, impuls\u00f3 la creaci\u00f3n de su propia marca con el objetivo de ofrecer productos que combinaran calidad, comodidad y dise\u00f1o. Se distingue por ser una mujer disciplinada, apasionada y perseverante, comprometida con la excelencia y con el desarrollo del emprendimiento en nuestro municipio.<\/p>\n\n\n\n<p>* Imelda Ayala Moreno, servidora p\u00fablica, destacada en el \u00e1rea de Servicios Municipales, quien cuenta con 10 a\u00f1os de servicio, distingui\u00e9ndose por su compromiso, responsabilidad y dedicaci\u00f3n, contribuyendo diariamente al bienestar y mejoramiento de los espacios p\u00fablicos de nuestro municipio. Adem\u00e1s, es jefa de familia y ha demostrado fortaleza, esfuerzo y perseverancia, reflejando una verdadera vocaci\u00f3n de servicio y el compromiso de trabajar por el bienestar de la ciudadan\u00eda de Pur\u00edsima del Rinc\u00f3n.<\/p>\n\n\n\n<p>* Martha Patricia Moreno S\u00e1nchez, mujer trabajadora y perseverante que inici\u00f3 su labor en el negocio \u201cEl Tlacoyito\u201d en el a\u00f1o 2015. Lo que comenz\u00f3 como un apoyo temporal se convirti\u00f3 en una oportunidad de crecimiento, desempe\u00f1\u00e1ndose primero lavando platos y posteriormente en la cocina.<\/p>\n\n\n\n<p>Tras a\u00f1os de esfuerzo y dedicaci\u00f3n, en 2023 asumi\u00f3 con valent\u00eda la responsabilidad de continuar con el negocio, demostrando compromiso, determinaci\u00f3n y un gran ejemplo de superaci\u00f3n para sacar adelante a su familia y seguir construyendo su propio camino.<\/p>\n\n\n\n<p>#Pur\u00edsimaDelRinc\u00f3n<\/p>\n\n\n\n<p>#TrasciendePorSuGente<\/p>\n\n\n\n<p><a href=\"https:\/\/purisimadelrincon.mx\">https:\/\/purisimadelrincon.mx<\/a><\/p>\n\n\n\n<figure class=\"wp-block-image size-large\"><img loading=\"lazy\" decoding=\"async\" width=\"1024\" height=\"683\" src=\"https:\/\/purisimadelrincon.mx\/boletines\/wp-content\/uploads\/2026\/03\/MJ-1024x683.jpg\" alt=\"\" class=\"wp-image-9078\" srcset=\"https:\/\/purisimadelrincon.mx\/boletines\/wp-content\/uploads\/2026\/03\/MJ-980x653.jpg 980w, https:\/\/purisimadelrincon.mx\/boletines\/wp-content\/uploads\/2026\/03\/MJ-480x320.jpg 480w\" sizes=\"auto, (min-width: 0px) and (max-width: 480px) 480px, (min-width: 481px) and (max-width: 980px) 980px, (min-width: 981px) 1024px, 100vw\" \/><\/figure>\n","protected":false},"excerpt":{"rendered":"<p>Pur\u00edsima del Rinc\u00f3n, Gto. a 07 de marzo de 2026.-&nbsp; Siete mujeres reconocidas por su liderazgo en ambientes sociales, empresariales, de creatividad, de b\u00fasqueda, de servicio y de amor a la vida, hoy fueron las representantes de una sociedad en donde ponen ejemplo de justicia, igualdad y derechos como parte de la Conmemoraci\u00f3n del D\u00eda [&hellip;]<\/p>\n","protected":false},"author":2,"featured_media":9077,"comment_status":"open","ping_status":"open","sticky":false,"template":"","format":"standard","meta":{"_et_pb_use_builder":"","_et_pb_old_content":"","_et_gb_content_width":"","footnotes":""},"categories":[6],"tags":[],"class_list":["post-9076","post","type-post","status-publish","format-standard","has-post-thumbnail","hentry","category-gobierno"],"better_featured_image":{"id":9077,"alt_text":"","caption":"","description":"","media_type":"image","media_details":{"width":2560,"height":1707,"file":"2026\/03\/MUJER-scaled.jpg","filesize":771358,"sizes":{"medium":{"file":"MUJER-300x200.jpg","width":300,"height":200,"mime-type":"image\/jpeg","filesize":21275,"source_url":"http:\/\/purisimadelrincon.mx\/boletines\/wp-content\/uploads\/2026\/03\/MUJER-300x200.jpg"},"large":{"file":"MUJER-1024x683.jpg","width":1024,"height":683,"mime-type":"image\/jpeg","filesize":179536,"source_url":"http:\/\/purisimadelrincon.mx\/boletines\/wp-content\/uploads\/2026\/03\/MUJER-1024x683.jpg"},"thumbnail":{"file":"MUJER-150x150.jpg","width":150,"height":150,"mime-type":"image\/jpeg","filesize":8771,"source_url":"http:\/\/purisimadelrincon.mx\/boletines\/wp-content\/uploads\/2026\/03\/MUJER-150x150.jpg"},"medium_large":{"file":"MUJER-768x512.jpg","width":768,"height":512,"mime-type":"image\/jpeg","filesize":109393,"source_url":"http:\/\/purisimadelrincon.mx\/boletines\/wp-content\/uploads\/2026\/03\/MUJER-768x512.jpg"},"1536x1536":{"file":"MUJER-1536x1024.jpg","width":1536,"height":1024,"mime-type":"image\/jpeg","filesize":348695,"source_url":"http:\/\/purisimadelrincon.mx\/boletines\/wp-content\/uploads\/2026\/03\/MUJER-1536x1024.jpg"},"2048x2048":{"file":"MUJER-2048x1365.jpg","width":2048,"height":1365,"mime-type":"image\/jpeg","filesize":549412,"source_url":"http:\/\/purisimadelrincon.mx\/boletines\/wp-content\/uploads\/2026\/03\/MUJER-2048x1365.jpg"},"et-pb-post-main-image":{"file":"MUJER-400x250.jpg","width":400,"height":250,"mime-type":"image\/jpeg","filesize":33722,"source_url":"http:\/\/purisimadelrincon.mx\/boletines\/wp-content\/uploads\/2026\/03\/MUJER-400x250.jpg"},"et-pb-post-main-image-fullwidth":{"file":"MUJER-1080x675.jpg","width":1080,"height":675,"mime-type":"image\/jpeg","filesize":188128,"source_url":"http:\/\/purisimadelrincon.mx\/boletines\/wp-content\/uploads\/2026\/03\/MUJER-1080x675.jpg"},"et-pb-portfolio-image":{"file":"MUJER-400x284.jpg","width":400,"height":284,"mime-type":"image\/jpeg","filesize":36672,"source_url":"http:\/\/purisimadelrincon.mx\/boletines\/wp-content\/uploads\/2026\/03\/MUJER-400x284.jpg"},"et-pb-portfolio-module-image":{"file":"MUJER-510x382.jpg","width":510,"height":382,"mime-type":"image\/jpeg","filesize":58561,"source_url":"http:\/\/purisimadelrincon.mx\/boletines\/wp-content\/uploads\/2026\/03\/MUJER-510x382.jpg"},"et-pb-portfolio-image-single":{"file":"MUJER-1080x720.jpg","width":1080,"height":720,"mime-type":"image\/jpeg","filesize":196269,"source_url":"http:\/\/purisimadelrincon.mx\/boletines\/wp-content\/uploads\/2026\/03\/MUJER-1080x720.jpg"},"et-pb-gallery-module-image-portrait":{"file":"MUJER-400x516.jpg","width":400,"height":516,"mime-type":"image\/jpeg","filesize":54420,"source_url":"http:\/\/purisimadelrincon.mx\/boletines\/wp-content\/uploads\/2026\/03\/MUJER-400x516.jpg"},"et-pb-post-main-image-fullwidth-large":{"file":"MUJER-2880x1800.jpg","width":2880,"height":1800,"mime-type":"image\/jpeg","filesize":872967,"source_url":"http:\/\/purisimadelrincon.mx\/boletines\/wp-content\/uploads\/2026\/03\/MUJER-2880x1800.jpg"},"et-pb-image--responsive--desktop":{"file":"MUJER-1280x854.jpg","width":1280,"height":854,"mime-type":"image\/jpeg","filesize":260045,"source_url":"http:\/\/purisimadelrincon.mx\/boletines\/wp-content\/uploads\/2026\/03\/MUJER-1280x854.jpg"},"et-pb-image--responsive--tablet":{"file":"MUJER-980x653.jpg","width":980,"height":653,"mime-type":"image\/jpeg","filesize":167359,"source_url":"http:\/\/purisimadelrincon.mx\/boletines\/wp-content\/uploads\/2026\/03\/MUJER-980x653.jpg"},"et-pb-image--responsive--phone":{"file":"MUJER-480x320.jpg","width":480,"height":320,"mime-type":"image\/jpeg","filesize":48045,"source_url":"http:\/\/purisimadelrincon.mx\/boletines\/wp-content\/uploads\/2026\/03\/MUJER-480x320.jpg"}},"image_meta":{"aperture":"4.5","credit":"","camera":"Canon EOS R6","caption":"","created_timestamp":"1772906254","copyright":"","focal_length":"24","iso":"100","shutter_speed":"0.0125","title":"","orientation":"1","keywords":[]},"original_image":"MUJER.jpg"},"post":9076,"source_url":"http:\/\/purisimadelrincon.mx\/boletines\/wp-content\/uploads\/2026\/03\/MUJER-scaled.jpg"},"_links":{"self":[{"href":"http:\/\/purisimadelrincon.mx\/boletines\/wp-json\/wp\/v2\/posts\/9076","targetHints":{"allow":["GET"]}}],"collection":[{"href":"http:\/\/purisimadelrincon.mx\/boletines\/wp-json\/wp\/v2\/posts"}],"about":[{"href":"http:\/\/purisimadelrincon.mx\/boletines\/wp-json\/wp\/v2\/types\/post"}],"author":[{"embeddable":true,"href":"http:\/\/purisimadelrincon.mx\/boletines\/wp-json\/wp\/v2\/users\/2"}],"replies":[{"embeddable":true,"href":"http:\/\/purisimadelrincon.mx\/boletines\/wp-json\/wp\/v2\/comments?post=9076"}],"version-history":[{"count":2,"href":"http:\/\/purisimadelrincon.mx\/boletines\/wp-json\/wp\/v2\/posts\/9076\/revisions"}],"predecessor-version":[{"id":9081,"href":"http:\/\/purisimadelrincon.mx\/boletines\/wp-json\/wp\/v2\/posts\/9076\/revisions\/9081"}],"wp:featuredmedia":[{"embeddable":true,"href":"http:\/\/purisimadelrincon.mx\/boletines\/wp-json\/wp\/v2\/media\/9077"}],"wp:attachment":[{"href":"http:\/\/purisimadelrincon.mx\/boletines\/wp-json\/wp\/v2\/media?parent=9076"}],"wp:term":[{"taxonomy":"category","embeddable":true,"href":"http:\/\/purisimadelrincon.mx\/boletines\/wp-json\/wp\/v2\/categories?post=9076"},{"taxonomy":"post_tag","embeddable":true,"href":"http:\/\/purisimadelrincon.mx\/boletines\/wp-json\/wp\/v2\/tags?post=9076"}],"curies":[{"name":"wp","href":"https:\/\/api.w.org\/{rel}","templated":true}]}}